{"id":8514,"date":"2026-03-27T11:12:52","date_gmt":"2026-03-27T11:12:52","guid":{"rendered":"https:\/\/gcluimnigh.ie\/?p=8514"},"modified":"2026-03-27T11:18:22","modified_gmt":"2026-03-27T11:18:22","slug":"daithi-o-geanai","status":"publish","type":"post","link":"https:\/\/gcluimnigh.ie\/ga\/daithi-o-geanai\/","title":{"rendered":"Daith\u00ed \u00d3 G\u00e9ana\u00ed"},"content":{"rendered":"<p><img loading=\"lazy\" class=\"size-medium wp-image-8515\" src=\"https:\/\/gcluimnigh.ie\/wp-content\/uploads\/2026\/03\/Daithi\u0301-300x200.jpeg\" alt=\"\" width=\"300\" height=\"200\" srcset=\"https:\/\/gcluimnigh.ie\/wp-content\/uploads\/2026\/03\/Daithi\u0301-300x200.jpeg 300w, https:\/\/gcluimnigh.ie\/wp-content\/uploads\/2026\/03\/Daithi\u0301-1024x683.jpeg 1024w, https:\/\/gcluimnigh.ie\/wp-content\/uploads\/2026\/03\/Daithi\u0301-768x512.jpeg 768w, https:\/\/gcluimnigh.ie\/wp-content\/uploads\/2026\/03\/Daithi\u0301-1536x1024.jpeg 1536w, https:\/\/gcluimnigh.ie\/wp-content\/uploads\/2026\/03\/Daithi\u0301-2048x1365.jpeg 2048w\" sizes=\"(max-width: 300px) 100vw, 300px\" \/><\/p>\n<p><a href=\"https:\/\/drive.google.com\/file\/d\/1-l5p05YBUiJ5cwvpcC_ersdC41cFpSVp\/view?usp=sharing\">Daith\u00ed<\/a><\/p>\n","protected":false},"excerpt":{"rendered":"<p>Daith\u00ed<\/p>\n","protected":false},"author":3,"featured_media":8515,"comment_status":"open","ping_status":"open","sticky":false,"template":"","format":"standard","meta":{"site-sidebar-layout":"default","site-content-layout":"default","ast-main-header-display":"","ast-hfb-above-header-display":"","ast-hfb-below-header-display":"","ast-hfb-mobile-header-display":"","site-post-title":"","ast-breadcrumbs-content":"","ast-featured-img":"","footer-sml-layout":"","theme-transparent-header-meta":"","adv-header-id-meta":"","stick-header-meta":"","header-above-stick-meta":"","header-main-stick-meta":"","header-below-stick-meta":""},"categories":[20],"tags":[],"acf":[],"yoast_head":"<!-- This site is optimized with the Yoast SEO plugin v18.1 - https:\/\/yoast.com\/wordpress\/plugins\/seo\/ -->\n<title>Daith\u00ed \u00d3 G\u00e9ana\u00ed - Gaelchol\u00e1iste Luimnigh<\/title>\n<meta name=\"robots\" content=\"index, follow, max-snippet:-1, max-image-preview:large, max-video-preview:-1\" \/>\n<link rel=\"canonical\" href=\"https:\/\/gcluimnigh.ie\/daithi-o-geanai\/\" \/>\n<meta property=\"og:locale\" content=\"ga_IE\" \/>\n<meta property=\"og:type\" content=\"article\" \/>\n<meta property=\"og:title\" content=\"Daith\u00ed \u00d3 G\u00e9ana\u00ed - Gaelchol\u00e1iste Luimnigh\" \/>\n<meta property=\"og:description\" content=\"Daith\u00ed\" \/>\n<meta property=\"og:url\" content=\"https:\/\/gcluimnigh.ie\/daithi-o-geanai\/\" \/>\n<meta property=\"og:site_name\" content=\"Gaelchol\u00e1iste Luimnigh\" \/>\n<meta property=\"article:published_time\" content=\"2026-03-27T11:12:52+00:00\" \/>\n<meta property=\"article:modified_time\" content=\"2026-03-27T11:18:22+00:00\" \/>\n<meta property=\"og:image\" content=\"https:\/\/gcluimnigh.ie\/wp-content\/uploads\/2026\/03\/Daithi\u0301-scaled.jpeg\" \/>\n\t<meta property=\"og:image:width\" content=\"2560\" \/>\n\t<meta property=\"og:image:height\" content=\"1707\" \/>\n\t<meta property=\"og:image:type\" content=\"image\/jpeg\" \/>\n<meta name=\"twitter:card\" content=\"summary_large_image\" \/>\n<meta name=\"twitter:label1\" content=\"Written by\" \/>\n\t<meta name=\"twitter:data1\" content=\"Kevin \u00d3 Raghallaigh\" \/>\n<script type=\"application\/ld+json\" class=\"yoast-schema-graph\">{\"@context\":\"https:\/\/schema.org\",\"@graph\":[{\"@type\":\"WebSite\",\"@id\":\"https:\/\/gcluimnigh.ie\/#website\",\"url\":\"https:\/\/gcluimnigh.ie\/\",\"name\":\"Gaelchol\u00e1iste Luimnigh\",\"description\":\"\",\"potentialAction\":[{\"@type\":\"SearchAction\",\"target\":{\"@type\":\"EntryPoint\",\"urlTemplate\":\"https:\/\/gcluimnigh.ie\/?s={search_term_string}\"},\"query-input\":\"required name=search_term_string\"}],\"inLanguage\":\"ga-IE\"},{\"@type\":\"ImageObject\",\"@id\":\"https:\/\/gcluimnigh.ie\/daithi-o-geanai\/#primaryimage\",\"inLanguage\":\"ga-IE\",\"url\":\"https:\/\/gcluimnigh.ie\/wp-content\/uploads\/2026\/03\/Daithi\u0301-scaled.jpeg\",\"contentUrl\":\"https:\/\/gcluimnigh.ie\/wp-content\/uploads\/2026\/03\/Daithi\u0301-scaled.jpeg\",\"width\":2560,\"height\":1707,\"caption\":\"No Repro Fee pictured as the students arrived for thier first day of school at the new state-of-the-art Gaelchol\u00e1iste Luimnigh today. Pic. Brian Arthur\"},{\"@type\":\"WebPage\",\"@id\":\"https:\/\/gcluimnigh.ie\/daithi-o-geanai\/#webpage\",\"url\":\"https:\/\/gcluimnigh.ie\/daithi-o-geanai\/\",\"name\":\"Daith\u00ed \u00d3 G\u00e9ana\u00ed - Gaelchol\u00e1iste Luimnigh\",\"isPartOf\":{\"@id\":\"https:\/\/gcluimnigh.ie\/#website\"},\"primaryImageOfPage\":{\"@id\":\"https:\/\/gcluimnigh.ie\/daithi-o-geanai\/#primaryimage\"},\"datePublished\":\"2026-03-27T11:12:52+00:00\",\"dateModified\":\"2026-03-27T11:18:22+00:00\",\"author\":{\"@id\":\"https:\/\/gcluimnigh.ie\/#\/schema\/person\/1fade0dca675096e468de0118b8f1681\"},\"breadcrumb\":{\"@id\":\"https:\/\/gcluimnigh.ie\/daithi-o-geanai\/#breadcrumb\"},\"inLanguage\":\"ga-IE\",\"potentialAction\":[{\"@type\":\"ReadAction\",\"target\":[\"https:\/\/gcluimnigh.ie\/daithi-o-geanai\/\"]}]},{\"@type\":\"BreadcrumbList\",\"@id\":\"https:\/\/gcluimnigh.ie\/daithi-o-geanai\/#breadcrumb\",\"itemListElement\":[{\"@type\":\"ListItem\",\"position\":1,\"name\":\"Home\",\"item\":\"https:\/\/gcluimnigh.ie\/ga\/\"},{\"@type\":\"ListItem\",\"position\":2,\"name\":\"Daith\u00ed \u00d3 G\u00e9ana\u00ed\"}]},{\"@type\":\"Person\",\"@id\":\"https:\/\/gcluimnigh.ie\/#\/schema\/person\/1fade0dca675096e468de0118b8f1681\",\"name\":\"Kevin \u00d3 Raghallaigh\",\"image\":{\"@type\":\"ImageObject\",\"@id\":\"https:\/\/gcluimnigh.ie\/#personlogo\",\"inLanguage\":\"ga-IE\",\"url\":\"https:\/\/secure.gravatar.com\/avatar\/e52784d738e537cebdc5ab1f5d0c1a67?s=96&d=mm&r=g\",\"contentUrl\":\"https:\/\/secure.gravatar.com\/avatar\/e52784d738e537cebdc5ab1f5d0c1a67?s=96&d=mm&r=g\",\"caption\":\"Kevin \u00d3 Raghallaigh\"},\"url\":\"https:\/\/gcluimnigh.ie\/ga\/author\/kevinoraghallaigh\/\"}]}<\/script>\n<!-- \/ Yoast SEO plugin. -->","yoast_head_json":{"title":"Daith\u00ed \u00d3 G\u00e9ana\u00ed - Gaelchol\u00e1iste Luimnigh","robots":{"index":"index","follow":"follow","max-snippet":"max-snippet:-1","max-image-preview":"max-image-preview:large","max-video-preview":"max-video-preview:-1"},"canonical":"https:\/\/gcluimnigh.ie\/daithi-o-geanai\/","og_locale":"ga_IE","og_type":"article","og_title":"Daith\u00ed \u00d3 G\u00e9ana\u00ed - Gaelchol\u00e1iste Luimnigh","og_description":"Daith\u00ed","og_url":"https:\/\/gcluimnigh.ie\/daithi-o-geanai\/","og_site_name":"Gaelchol\u00e1iste Luimnigh","article_published_time":"2026-03-27T11:12:52+00:00","article_modified_time":"2026-03-27T11:18:22+00:00","og_image":[{"width":2560,"height":1707,"url":"https:\/\/gcluimnigh.ie\/wp-content\/uploads\/2026\/03\/Daithi\u0301-scaled.jpeg","type":"image\/jpeg"}],"twitter_card":"summary_large_image","twitter_misc":{"Written by":"Kevin \u00d3 Raghallaigh"},"schema":{"@context":"https:\/\/schema.org","@graph":[{"@type":"WebSite","@id":"https:\/\/gcluimnigh.ie\/#website","url":"https:\/\/gcluimnigh.ie\/","name":"Gaelchol\u00e1iste Luimnigh","description":"","potentialAction":[{"@type":"SearchAction","target":{"@type":"EntryPoint","urlTemplate":"https:\/\/gcluimnigh.ie\/?s={search_term_string}"},"query-input":"required name=search_term_string"}],"inLanguage":"ga-IE"},{"@type":"ImageObject","@id":"https:\/\/gcluimnigh.ie\/daithi-o-geanai\/#primaryimage","inLanguage":"ga-IE","url":"https:\/\/gcluimnigh.ie\/wp-content\/uploads\/2026\/03\/Daithi\u0301-scaled.jpeg","contentUrl":"https:\/\/gcluimnigh.ie\/wp-content\/uploads\/2026\/03\/Daithi\u0301-scaled.jpeg","width":2560,"height":1707,"caption":"No Repro Fee pictured as the students arrived for thier first day of school at the new state-of-the-art Gaelchol\u00e1iste Luimnigh today. Pic. Brian Arthur"},{"@type":"WebPage","@id":"https:\/\/gcluimnigh.ie\/daithi-o-geanai\/#webpage","url":"https:\/\/gcluimnigh.ie\/daithi-o-geanai\/","name":"Daith\u00ed \u00d3 G\u00e9ana\u00ed - Gaelchol\u00e1iste Luimnigh","isPartOf":{"@id":"https:\/\/gcluimnigh.ie\/#website"},"primaryImageOfPage":{"@id":"https:\/\/gcluimnigh.ie\/daithi-o-geanai\/#primaryimage"},"datePublished":"2026-03-27T11:12:52+00:00","dateModified":"2026-03-27T11:18:22+00:00","author":{"@id":"https:\/\/gcluimnigh.ie\/#\/schema\/person\/1fade0dca675096e468de0118b8f1681"},"breadcrumb":{"@id":"https:\/\/gcluimnigh.ie\/daithi-o-geanai\/#breadcrumb"},"inLanguage":"ga-IE","potentialAction":[{"@type":"ReadAction","target":["https:\/\/gcluimnigh.ie\/daithi-o-geanai\/"]}]},{"@type":"BreadcrumbList","@id":"https:\/\/gcluimnigh.ie\/daithi-o-geanai\/#breadcrumb","itemListElement":[{"@type":"ListItem","position":1,"name":"Home","item":"https:\/\/gcluimnigh.ie\/ga\/"},{"@type":"ListItem","position":2,"name":"Daith\u00ed \u00d3 G\u00e9ana\u00ed"}]},{"@type":"Person","@id":"https:\/\/gcluimnigh.ie\/#\/schema\/person\/1fade0dca675096e468de0118b8f1681","name":"Kevin \u00d3 Raghallaigh","image":{"@type":"ImageObject","@id":"https:\/\/gcluimnigh.ie\/#personlogo","inLanguage":"ga-IE","url":"https:\/\/secure.gravatar.com\/avatar\/e52784d738e537cebdc5ab1f5d0c1a67?s=96&d=mm&r=g","contentUrl":"https:\/\/secure.gravatar.com\/avatar\/e52784d738e537cebdc5ab1f5d0c1a67?s=96&d=mm&r=g","caption":"Kevin \u00d3 Raghallaigh"},"url":"https:\/\/gcluimnigh.ie\/ga\/author\/kevinoraghallaigh\/"}]}},"_links":{"self":[{"href":"https:\/\/gcluimnigh.ie\/ga\/wp-json\/wp\/v2\/posts\/8514"}],"collection":[{"href":"https:\/\/gcluimnigh.ie\/ga\/wp-json\/wp\/v2\/posts"}],"about":[{"href":"https:\/\/gcluimnigh.ie\/ga\/wp-json\/wp\/v2\/types\/post"}],"author":[{"embeddable":true,"href":"https:\/\/gcluimnigh.ie\/ga\/wp-json\/wp\/v2\/users\/3"}],"replies":[{"embeddable":true,"href":"https:\/\/gcluimnigh.ie\/ga\/wp-json\/wp\/v2\/comments?post=8514"}],"version-history":[{"count":3,"href":"https:\/\/gcluimnigh.ie\/ga\/wp-json\/wp\/v2\/posts\/8514\/revisions"}],"predecessor-version":[{"id":8520,"href":"https:\/\/gcluimnigh.ie\/ga\/wp-json\/wp\/v2\/posts\/8514\/revisions\/8520"}],"wp:featuredmedia":[{"embeddable":true,"href":"https:\/\/gcluimnigh.ie\/ga\/wp-json\/wp\/v2\/media\/8515"}],"wp:attachment":[{"href":"https:\/\/gcluimnigh.ie\/ga\/wp-json\/wp\/v2\/media?parent=8514"}],"wp:term":[{"taxonomy":"category","embeddable":true,"href":"https:\/\/gcluimnigh.ie\/ga\/wp-json\/wp\/v2\/categories?post=8514"},{"taxonomy":"post_tag","embeddable":true,"href":"https:\/\/gcluimnigh.ie\/ga\/wp-json\/wp\/v2\/tags?post=8514"}],"curies":[{"name":"wp","href":"https:\/\/api.w.org\/{rel}","templated":true}]}}